



{"id":441,"date":"2024-11-28T09:09:03","date_gmt":"2024-11-28T08:09:03","guid":{"rendered":"https:\/\/www.4h.se\/overjarva\/?p=441"},"modified":"2024-11-28T09:09:04","modified_gmt":"2024-11-28T08:09:04","slug":"fira-in-julen-med-overjarva-4h","status":"publish","type":"post","link":"https:\/\/www.4h.se\/overjarva\/fira-in-julen-med-overjarva-4h\/","title":{"rendered":"Fira in julen med \u00d6verj\u00e4rva 4H"},"content":{"rendered":"\n<div class=\"wp-block-media-text has-media-on-the-right is-stacked-on-mobile\" style=\"grid-template-columns:auto 37%\"><div class=\"wp-block-media-text__content\">\n<p>Den 30de november firar vi in julen p\u00e5 \u00d6verj\u00e4rva 4H med pyssel i \u00d6verj\u00e4rvas h\u00e4stskostall! P\u00e5 l\u00f6rdag hittar ni oss inne vid kafet mellan kl.11-16 med pysselmaterial och information kring 4H.<\/p>\n\n\n\n<p>Under hela helgen drar \u00d6verj\u00e4rva G\u00e5rd ig\u00e5ng med adventsfirandet, l\u00e4s mer p\u00e5 <a href=\"https:\/\/www.solna.se\/overjarva-gard\/uppleva-och-gora\/aktiviteter-pa-garden\">https:\/\/www.solna.se\/overjarva-gard\/uppleva-och-gora\/aktiviteter-pa-garden<\/a><\/p>\n<\/div><figure class=\"wp-block-media-text__media\"><img loading=\"lazy\" decoding=\"async\" width=\"970\" height=\"728\" src=\"https:\/\/www.4h.se\/overjarva\/wp-content\/uploads\/sites\/139\/2024\/11\/IMG_2376-1-1-970x728.jpg\" alt=\"\" class=\"wp-image-444 size-full\" srcset=\"https:\/\/www.4h.se\/overjarva\/wp-content\/uploads\/sites\/139\/2024\/11\/IMG_2376-1-1-970x728.jpg 970w, https:\/\/www.4h.se\/overjarva\/wp-content\/uploads\/sites\/139\/2024\/11\/IMG_2376-1-1-400x300.jpg 400w, https:\/\/www.4h.se\/overjarva\/wp-content\/uploads\/sites\/139\/2024\/11\/IMG_2376-1-1-170x128.jpg 170w, https:\/\/www.4h.se\/overjarva\/wp-content\/uploads\/sites\/139\/2024\/11\/IMG_2376-1-1-768x576.jpg 768w, https:\/\/www.4h.se\/overjarva\/wp-content\/uploads\/sites\/139\/2024\/11\/IMG_2376-1-1-1536x1152.jpg 1536w, https:\/\/www.4h.se\/overjarva\/wp-content\/uploads\/sites\/139\/2024\/11\/IMG_2376-1-1-2048x1536.jpg 2048w\" sizes=\"auto, (max-width: 970px) 100vw, 970px\" \/><\/figure><\/div>\n","protected":false},"excerpt":{"rendered":"<p>Den 30de november firar vi in julen p\u00e5 \u00d6verj\u00e4rva 4H med pyssel i \u00d6verj\u00e4rvas h\u00e4stskostall! P\u00e5 l\u00f6rdag hittar ni oss inne vid kafet mellan kl.11-16 med pysselmaterial och information kring 4H. Under hela helgen drar \u00d6verj\u00e4rva G\u00e5rd ig\u00e5ng med adventsfirandet, l\u00e4s mer p\u00e5 https:\/\/www.solna.se\/overjarva-gard\/uppleva-och-gora\/aktiviteter-pa-garden<\/p>\n","protected":false},"author":249,"featured_media":0,"comment_status":"open","ping_status":"open","sticky":false,"template":"","format":"standard","meta":{"_acf_changed":false,"footnotes":""},"categories":[1],"tags":[],"class_list":["post-441","post","type-post","status-publish","format-standard","hentry","category-okategoriserade"],"acf":[],"yoast_head":"<!-- This site is optimized with the Yoast SEO plugin v27.5 - https:\/\/yoast.com\/product\/yoast-seo-wordpress\/ -->\n<title>Fira in julen med \u00d6verj\u00e4rva 4H - \u00d6verjarva 4H-klubb<\/title>\n<meta name=\"description\" content=\"Den 30de november firar vi in julen p\u00e5 \u00d6verj\u00e4rva 4H med pyssel i \u00d6verj\u00e4rvas h\u00e4stskostall! ...\" \/>\n<meta name=\"robots\" content=\"index, follow, max-snippet:-1, max-image-preview:large, max-video-preview:-1\" \/>\n<link rel=\"canonical\" href=\"https:\/\/www.4h.se\/overjarva\/fira-in-julen-med-overjarva-4h\/\" \/>\n<meta property=\"og:locale\" content=\"sv_SE\" \/>\n<meta property=\"og:type\" content=\"article\" \/>\n<meta property=\"og:title\" content=\"Fira in julen med \u00d6verj\u00e4rva 4H - \u00d6verjarva 4H-klubb\" \/>\n<meta property=\"og:description\" content=\"Den 30de november firar vi in julen p\u00e5 \u00d6verj\u00e4rva 4H med pyssel i \u00d6verj\u00e4rvas h\u00e4stskostall! ...\" \/>\n<meta property=\"og:url\" content=\"https:\/\/www.4h.se\/overjarva\/fira-in-julen-med-overjarva-4h\/\" \/>\n<meta property=\"og:site_name\" content=\"\u00d6verjarva 4H-klubb\" \/>\n<meta property=\"article:published_time\" content=\"2024-11-28T08:09:03+00:00\" \/>\n<meta property=\"article:modified_time\" content=\"2024-11-28T08:09:04+00:00\" \/>\n<meta property=\"og:image\" content=\"https:\/\/www.4h.se\/overjarva\/wp-content\/uploads\/sites\/139\/2024\/11\/IMG_2376-1-1-970x728.jpg\" \/>\n<meta name=\"author\" content=\"emiliaweidacher\" \/>\n<meta name=\"twitter:card\" content=\"summary_large_image\" \/>\n<meta name=\"twitter:label1\" content=\"Skriven av\" \/>\n\t<meta name=\"twitter:data1\" content=\"emiliaweidacher\" \/>\n\t<meta name=\"twitter:label2\" content=\"Ber\u00e4knad l\u00e4stid\" \/>\n\t<meta name=\"twitter:data2\" content=\"1 minut\" \/>\n<script type=\"application\/ld+json\" class=\"yoast-schema-graph\">{\"@context\":\"https:\\\/\\\/schema.org\",\"@graph\":[{\"@type\":\"Article\",\"@id\":\"https:\\\/\\\/www.4h.se\\\/overjarva\\\/fira-in-julen-med-overjarva-4h\\\/#article\",\"isPartOf\":{\"@id\":\"https:\\\/\\\/www.4h.se\\\/overjarva\\\/fira-in-julen-med-overjarva-4h\\\/\"},\"author\":{\"name\":\"emiliaweidacher\",\"@id\":\"https:\\\/\\\/www.4h.se\\\/overjarva\\\/#\\\/schema\\\/person\\\/175e4c260f1498a514a8bd91a7b4c15c\"},\"headline\":\"Fira in julen med \u00d6verj\u00e4rva 4H\",\"datePublished\":\"2024-11-28T08:09:03+00:00\",\"dateModified\":\"2024-11-28T08:09:04+00:00\",\"mainEntityOfPage\":{\"@id\":\"https:\\\/\\\/www.4h.se\\\/overjarva\\\/fira-in-julen-med-overjarva-4h\\\/\"},\"wordCount\":66,\"commentCount\":0,\"image\":{\"@id\":\"https:\\\/\\\/www.4h.se\\\/overjarva\\\/fira-in-julen-med-overjarva-4h\\\/#primaryimage\"},\"thumbnailUrl\":\"https:\\\/\\\/www.4h.se\\\/overjarva\\\/wp-content\\\/uploads\\\/sites\\\/139\\\/2024\\\/11\\\/IMG_2376-1-1-970x728.jpg\",\"inLanguage\":\"sv-SE\",\"potentialAction\":[{\"@type\":\"CommentAction\",\"name\":\"Comment\",\"target\":[\"https:\\\/\\\/www.4h.se\\\/overjarva\\\/fira-in-julen-med-overjarva-4h\\\/#respond\"]}]},{\"@type\":\"WebPage\",\"@id\":\"https:\\\/\\\/www.4h.se\\\/overjarva\\\/fira-in-julen-med-overjarva-4h\\\/\",\"url\":\"https:\\\/\\\/www.4h.se\\\/overjarva\\\/fira-in-julen-med-overjarva-4h\\\/\",\"name\":\"Fira in julen med \u00d6verj\u00e4rva 4H - \u00d6verjarva 4H-klubb\",\"isPartOf\":{\"@id\":\"https:\\\/\\\/www.4h.se\\\/overjarva\\\/#website\"},\"primaryImageOfPage\":{\"@id\":\"https:\\\/\\\/www.4h.se\\\/overjarva\\\/fira-in-julen-med-overjarva-4h\\\/#primaryimage\"},\"image\":{\"@id\":\"https:\\\/\\\/www.4h.se\\\/overjarva\\\/fira-in-julen-med-overjarva-4h\\\/#primaryimage\"},\"thumbnailUrl\":\"https:\\\/\\\/www.4h.se\\\/overjarva\\\/wp-content\\\/uploads\\\/sites\\\/139\\\/2024\\\/11\\\/IMG_2376-1-1-970x728.jpg\",\"datePublished\":\"2024-11-28T08:09:03+00:00\",\"dateModified\":\"2024-11-28T08:09:04+00:00\",\"author\":{\"@id\":\"https:\\\/\\\/www.4h.se\\\/overjarva\\\/#\\\/schema\\\/person\\\/175e4c260f1498a514a8bd91a7b4c15c\"},\"description\":\"Den 30de november firar vi in julen p\u00e5 \u00d6verj\u00e4rva 4H med pyssel i \u00d6verj\u00e4rvas h\u00e4stskostall! ...\",\"breadcrumb\":{\"@id\":\"https:\\\/\\\/www.4h.se\\\/overjarva\\\/fira-in-julen-med-overjarva-4h\\\/#breadcrumb\"},\"inLanguage\":\"sv-SE\",\"potentialAction\":[{\"@type\":\"ReadAction\",\"target\":[\"https:\\\/\\\/www.4h.se\\\/overjarva\\\/fira-in-julen-med-overjarva-4h\\\/\"]}]},{\"@type\":\"ImageObject\",\"inLanguage\":\"sv-SE\",\"@id\":\"https:\\\/\\\/www.4h.se\\\/overjarva\\\/fira-in-julen-med-overjarva-4h\\\/#primaryimage\",\"url\":\"https:\\\/\\\/www.4h.se\\\/overjarva\\\/wp-content\\\/uploads\\\/sites\\\/139\\\/2024\\\/11\\\/IMG_2376-1-1-scaled.jpg\",\"contentUrl\":\"https:\\\/\\\/www.4h.se\\\/overjarva\\\/wp-content\\\/uploads\\\/sites\\\/139\\\/2024\\\/11\\\/IMG_2376-1-1-scaled.jpg\",\"width\":2560,\"height\":1920},{\"@type\":\"BreadcrumbList\",\"@id\":\"https:\\\/\\\/www.4h.se\\\/overjarva\\\/fira-in-julen-med-overjarva-4h\\\/#breadcrumb\",\"itemListElement\":[{\"@type\":\"ListItem\",\"position\":1,\"name\":\"Hem\",\"item\":\"https:\\\/\\\/www.4h.se\\\/overjarva\\\/\"},{\"@type\":\"ListItem\",\"position\":2,\"name\":\"Fira in julen med \u00d6verj\u00e4rva 4H\"}]},{\"@type\":\"WebSite\",\"@id\":\"https:\\\/\\\/www.4h.se\\\/overjarva\\\/#website\",\"url\":\"https:\\\/\\\/www.4h.se\\\/overjarva\\\/\",\"name\":\"\u00d6verjarva 4H-klubb\",\"description\":\"\",\"potentialAction\":[{\"@type\":\"SearchAction\",\"target\":{\"@type\":\"EntryPoint\",\"urlTemplate\":\"https:\\\/\\\/www.4h.se\\\/overjarva\\\/?s={search_term_string}\"},\"query-input\":{\"@type\":\"PropertyValueSpecification\",\"valueRequired\":true,\"valueName\":\"search_term_string\"}}],\"inLanguage\":\"sv-SE\"},{\"@type\":\"Person\",\"@id\":\"https:\\\/\\\/www.4h.se\\\/overjarva\\\/#\\\/schema\\\/person\\\/175e4c260f1498a514a8bd91a7b4c15c\",\"name\":\"emiliaweidacher\",\"image\":{\"@type\":\"ImageObject\",\"inLanguage\":\"sv-SE\",\"@id\":\"https:\\\/\\\/secure.gravatar.com\\\/avatar\\\/259351158a1cc680cc201e7fb06d6465484ce9aee7431c562b63e440385e0721?s=96&d=mm&r=g\",\"url\":\"https:\\\/\\\/secure.gravatar.com\\\/avatar\\\/259351158a1cc680cc201e7fb06d6465484ce9aee7431c562b63e440385e0721?s=96&d=mm&r=g\",\"contentUrl\":\"https:\\\/\\\/secure.gravatar.com\\\/avatar\\\/259351158a1cc680cc201e7fb06d6465484ce9aee7431c562b63e440385e0721?s=96&d=mm&r=g\",\"caption\":\"emiliaweidacher\"},\"url\":\"https:\\\/\\\/www.4h.se\\\/overjarva\\\/author\\\/emiliaweidacher\\\/\"}]}<\/script>\n<!-- \/ Yoast SEO plugin. -->","yoast_head_json":{"title":"Fira in julen med \u00d6verj\u00e4rva 4H - \u00d6verjarva 4H-klubb","description":"Den 30de november firar vi in julen p\u00e5 \u00d6verj\u00e4rva 4H med pyssel i \u00d6verj\u00e4rvas h\u00e4stskostall! ...","robots":{"index":"index","follow":"follow","max-snippet":"max-snippet:-1","max-image-preview":"max-image-preview:large","max-video-preview":"max-video-preview:-1"},"canonical":"https:\/\/www.4h.se\/overjarva\/fira-in-julen-med-overjarva-4h\/","og_locale":"sv_SE","og_type":"article","og_title":"Fira in julen med \u00d6verj\u00e4rva 4H - \u00d6verjarva 4H-klubb","og_description":"Den 30de november firar vi in julen p\u00e5 \u00d6verj\u00e4rva 4H med pyssel i \u00d6verj\u00e4rvas h\u00e4stskostall! ...","og_url":"https:\/\/www.4h.se\/overjarva\/fira-in-julen-med-overjarva-4h\/","og_site_name":"\u00d6verjarva 4H-klubb","article_published_time":"2024-11-28T08:09:03+00:00","article_modified_time":"2024-11-28T08:09:04+00:00","og_image":[{"url":"https:\/\/www.4h.se\/overjarva\/wp-content\/uploads\/sites\/139\/2024\/11\/IMG_2376-1-1-970x728.jpg","type":"","width":"","height":""}],"author":"emiliaweidacher","twitter_card":"summary_large_image","twitter_misc":{"Skriven av":"emiliaweidacher","Ber\u00e4knad l\u00e4stid":"1 minut"},"schema":{"@context":"https:\/\/schema.org","@graph":[{"@type":"Article","@id":"https:\/\/www.4h.se\/overjarva\/fira-in-julen-med-overjarva-4h\/#article","isPartOf":{"@id":"https:\/\/www.4h.se\/overjarva\/fira-in-julen-med-overjarva-4h\/"},"author":{"name":"emiliaweidacher","@id":"https:\/\/www.4h.se\/overjarva\/#\/schema\/person\/175e4c260f1498a514a8bd91a7b4c15c"},"headline":"Fira in julen med \u00d6verj\u00e4rva 4H","datePublished":"2024-11-28T08:09:03+00:00","dateModified":"2024-11-28T08:09:04+00:00","mainEntityOfPage":{"@id":"https:\/\/www.4h.se\/overjarva\/fira-in-julen-med-overjarva-4h\/"},"wordCount":66,"commentCount":0,"image":{"@id":"https:\/\/www.4h.se\/overjarva\/fira-in-julen-med-overjarva-4h\/#primaryimage"},"thumbnailUrl":"https:\/\/www.4h.se\/overjarva\/wp-content\/uploads\/sites\/139\/2024\/11\/IMG_2376-1-1-970x728.jpg","inLanguage":"sv-SE","potentialAction":[{"@type":"CommentAction","name":"Comment","target":["https:\/\/www.4h.se\/overjarva\/fira-in-julen-med-overjarva-4h\/#respond"]}]},{"@type":"WebPage","@id":"https:\/\/www.4h.se\/overjarva\/fira-in-julen-med-overjarva-4h\/","url":"https:\/\/www.4h.se\/overjarva\/fira-in-julen-med-overjarva-4h\/","name":"Fira in julen med \u00d6verj\u00e4rva 4H - \u00d6verjarva 4H-klubb","isPartOf":{"@id":"https:\/\/www.4h.se\/overjarva\/#website"},"primaryImageOfPage":{"@id":"https:\/\/www.4h.se\/overjarva\/fira-in-julen-med-overjarva-4h\/#primaryimage"},"image":{"@id":"https:\/\/www.4h.se\/overjarva\/fira-in-julen-med-overjarva-4h\/#primaryimage"},"thumbnailUrl":"https:\/\/www.4h.se\/overjarva\/wp-content\/uploads\/sites\/139\/2024\/11\/IMG_2376-1-1-970x728.jpg","datePublished":"2024-11-28T08:09:03+00:00","dateModified":"2024-11-28T08:09:04+00:00","author":{"@id":"https:\/\/www.4h.se\/overjarva\/#\/schema\/person\/175e4c260f1498a514a8bd91a7b4c15c"},"description":"Den 30de november firar vi in julen p\u00e5 \u00d6verj\u00e4rva 4H med pyssel i \u00d6verj\u00e4rvas h\u00e4stskostall! ...","breadcrumb":{"@id":"https:\/\/www.4h.se\/overjarva\/fira-in-julen-med-overjarva-4h\/#breadcrumb"},"inLanguage":"sv-SE","potentialAction":[{"@type":"ReadAction","target":["https:\/\/www.4h.se\/overjarva\/fira-in-julen-med-overjarva-4h\/"]}]},{"@type":"ImageObject","inLanguage":"sv-SE","@id":"https:\/\/www.4h.se\/overjarva\/fira-in-julen-med-overjarva-4h\/#primaryimage","url":"https:\/\/www.4h.se\/overjarva\/wp-content\/uploads\/sites\/139\/2024\/11\/IMG_2376-1-1-scaled.jpg","contentUrl":"https:\/\/www.4h.se\/overjarva\/wp-content\/uploads\/sites\/139\/2024\/11\/IMG_2376-1-1-scaled.jpg","width":2560,"height":1920},{"@type":"BreadcrumbList","@id":"https:\/\/www.4h.se\/overjarva\/fira-in-julen-med-overjarva-4h\/#breadcrumb","itemListElement":[{"@type":"ListItem","position":1,"name":"Hem","item":"https:\/\/www.4h.se\/overjarva\/"},{"@type":"ListItem","position":2,"name":"Fira in julen med \u00d6verj\u00e4rva 4H"}]},{"@type":"WebSite","@id":"https:\/\/www.4h.se\/overjarva\/#website","url":"https:\/\/www.4h.se\/overjarva\/","name":"\u00d6verjarva 4H-klubb","description":"","potentialAction":[{"@type":"SearchAction","target":{"@type":"EntryPoint","urlTemplate":"https:\/\/www.4h.se\/overjarva\/?s={search_term_string}"},"query-input":{"@type":"PropertyValueSpecification","valueRequired":true,"valueName":"search_term_string"}}],"inLanguage":"sv-SE"},{"@type":"Person","@id":"https:\/\/www.4h.se\/overjarva\/#\/schema\/person\/175e4c260f1498a514a8bd91a7b4c15c","name":"emiliaweidacher","image":{"@type":"ImageObject","inLanguage":"sv-SE","@id":"https:\/\/secure.gravatar.com\/avatar\/259351158a1cc680cc201e7fb06d6465484ce9aee7431c562b63e440385e0721?s=96&d=mm&r=g","url":"https:\/\/secure.gravatar.com\/avatar\/259351158a1cc680cc201e7fb06d6465484ce9aee7431c562b63e440385e0721?s=96&d=mm&r=g","contentUrl":"https:\/\/secure.gravatar.com\/avatar\/259351158a1cc680cc201e7fb06d6465484ce9aee7431c562b63e440385e0721?s=96&d=mm&r=g","caption":"emiliaweidacher"},"url":"https:\/\/www.4h.se\/overjarva\/author\/emiliaweidacher\/"}]}},"_links":{"self":[{"href":"https:\/\/www.4h.se\/overjarva\/wp-json\/wp\/v2\/posts\/441","targetHints":{"allow":["GET"]}}],"collection":[{"href":"https:\/\/www.4h.se\/overjarva\/wp-json\/wp\/v2\/posts"}],"about":[{"href":"https:\/\/www.4h.se\/overjarva\/wp-json\/wp\/v2\/types\/post"}],"author":[{"embeddable":true,"href":"https:\/\/www.4h.se\/overjarva\/wp-json\/wp\/v2\/users\/249"}],"replies":[{"embeddable":true,"href":"https:\/\/www.4h.se\/overjarva\/wp-json\/wp\/v2\/comments?post=441"}],"version-history":[{"count":3,"href":"https:\/\/www.4h.se\/overjarva\/wp-json\/wp\/v2\/posts\/441\/revisions"}],"predecessor-version":[{"id":447,"href":"https:\/\/www.4h.se\/overjarva\/wp-json\/wp\/v2\/posts\/441\/revisions\/447"}],"wp:attachment":[{"href":"https:\/\/www.4h.se\/overjarva\/wp-json\/wp\/v2\/media?parent=441"}],"wp:term":[{"taxonomy":"category","embeddable":true,"href":"https:\/\/www.4h.se\/overjarva\/wp-json\/wp\/v2\/categories?post=441"},{"taxonomy":"post_tag","embeddable":true,"href":"https:\/\/www.4h.se\/overjarva\/wp-json\/wp\/v2\/tags?post=441"}],"curies":[{"name":"wp","href":"https:\/\/api.w.org\/{rel}","templated":true}]}}