



{"id":546,"date":"2019-03-01T09:19:31","date_gmt":"2019-03-01T08:19:31","guid":{"rendered":"https:\/\/www.4h.se\/kronoberg\/?p=546"},"modified":"2019-03-01T09:25:35","modified_gmt":"2019-03-01T08:25:35","slug":"valkommen-till-stamman-2019","status":"publish","type":"post","link":"https:\/\/www.4h.se\/kronoberg\/valkommen-till-stamman-2019\/","title":{"rendered":"V\u00e4lkommen till st\u00e4mman 2019"},"content":{"rendered":"<div class=\"wpb-content-wrapper\"><p>[vc_row][vc_column][vc_column_text]<strong>\u00c5rets st\u00e4mma i l\u00e4nsf\u00f6rbundet h\u00e5lls den 4 maj i V\u00e4xj\u00f6. F\u00f6rutom att f\u00f6lja verksamhet och planering p\u00e5 l\u00e4nsniv\u00e5 tr\u00e4ffar du andra trevliga 4H-are och \u00e4ter gott. P\u00e5 G-galan delas \u00e5rets utm\u00e4rkelser ut &#8211; ta chansen att nominera!<\/strong><\/p>\n<p><strong>Tid<\/strong> 4 maj kl 14.00-18.00<br \/>\nVi b\u00f6rjar med st\u00e4mman och \u00e4ter d\u00e4refter tacobuff\u00e9 med efterr\u00e4tt.<br \/>\nSist G-gala med prisutdelning f\u00f6r \u00e5rets klubb, \u00e5rets ledare, \u00e5rets<br \/>\nstyrelsemedlem, \u00e5rets eldsj\u00e4l och \u00e5rets kompis.<br \/>\n<strong>Nomineringar<\/strong> till ovanst\u00e5ende utm\u00e4rkelser skickas till<br \/>\nkronoberg@4h.se<br \/>\n<strong>Plats<\/strong> Kvarnhagsk\u00e4llan, Kvarnv\u00e4gen, 352 41 V\u00e4xj\u00f6 (p\u00e5 \u00d6ster)<br \/>\n<strong>Kostnad<\/strong> 100 kr\/person<br \/>\n<strong>Anm\u00e4lan<\/strong> till kronoberg@4h.se senast 29 april<\/p>\n<p>V\u00e4lkommen!<br \/>\n\/Styrelsen 4H Kronobergs l\u00e4n[\/vc_column_text][\/vc_column][\/vc_row]<\/p>\n<\/div>","protected":false},"excerpt":{"rendered":"<p>[vc_row][vc_column][vc_column_text]\u00c5rets st\u00e4mma i l\u00e4nsf\u00f6rbundet h\u00e5lls den 4 maj i V\u00e4xj\u00f6. F\u00f6rutom att f\u00f6lja verksamhet och planering p\u00e5 l\u00e4nsniv\u00e5 tr\u00e4ffar du andra trevliga 4H-are och \u00e4ter gott. P\u00e5 G-galan delas \u00e5rets utm\u00e4rkelser ut &#8211; ta chansen att nominera! Tid 4 maj kl 14.00-18.00 Vi b\u00f6rjar med st\u00e4mman och \u00e4ter d\u00e4refter tacobuff\u00e9 med efterr\u00e4tt. Sist G-gala med&nbsp; <a href=\"https:\/\/www.4h.se\/kronoberg\/valkommen-till-stamman-2019\/\">&hellip; Read more <i class=\"glyphicon glyphicon-arrow-right\"><\/i><\/a><\/p>\n","protected":false},"author":85,"featured_media":0,"comment_status":"open","ping_status":"open","sticky":false,"template":"","format":"standard","meta":{"_acf_changed":false,"footnotes":""},"categories":[1],"tags":[],"class_list":["post-546","post","type-post","status-publish","format-standard","hentry","category-okategoriserade"],"acf":[],"yoast_head":"<!-- This site is optimized with the Yoast SEO plugin v27.5 - https:\/\/yoast.com\/product\/yoast-seo-wordpress\/ -->\n<title>V\u00e4lkommen till st\u00e4mman 2019 - 4H i Kronoberg<\/title>\n<meta name=\"robots\" content=\"index, follow, max-snippet:-1, max-image-preview:large, max-video-preview:-1\" \/>\n<link rel=\"canonical\" href=\"https:\/\/www.4h.se\/kronoberg\/valkommen-till-stamman-2019\/\" \/>\n<meta property=\"og:locale\" content=\"sv_SE\" \/>\n<meta property=\"og:type\" content=\"article\" \/>\n<meta property=\"og:title\" content=\"V\u00e4lkommen till st\u00e4mman 2019 - 4H i Kronoberg\" \/>\n<meta property=\"og:description\" content=\"[vc_row][vc_column][vc_column_text]\u00c5rets st\u00e4mma i l\u00e4nsf\u00f6rbundet h\u00e5lls den 4 maj i V\u00e4xj\u00f6. F\u00f6rutom att f\u00f6lja verksamhet och planering p\u00e5 l\u00e4nsniv\u00e5 tr\u00e4ffar du andra trevliga 4H-are och \u00e4ter gott. P\u00e5 G-galan delas \u00e5rets utm\u00e4rkelser ut &#8211; ta chansen att nominera! Tid 4 maj kl 14.00-18.00 Vi b\u00f6rjar med st\u00e4mman och \u00e4ter d\u00e4refter tacobuff\u00e9 med efterr\u00e4tt. Sist G-gala med&nbsp; &hellip; Read more\" \/>\n<meta property=\"og:url\" content=\"https:\/\/www.4h.se\/kronoberg\/valkommen-till-stamman-2019\/\" \/>\n<meta property=\"og:site_name\" content=\"4H i Kronoberg\" \/>\n<meta property=\"article:published_time\" content=\"2019-03-01T08:19:31+00:00\" \/>\n<meta property=\"article:modified_time\" content=\"2019-03-01T08:25:35+00:00\" \/>\n<meta name=\"author\" content=\"Sofia Ek\" \/>\n<meta name=\"twitter:card\" content=\"summary_large_image\" \/>\n<meta name=\"twitter:label1\" content=\"Skriven av\" \/>\n\t<meta name=\"twitter:data1\" content=\"Sofia Ek\" \/>\n\t<meta name=\"twitter:label2\" content=\"Ber\u00e4knad l\u00e4stid\" \/>\n\t<meta name=\"twitter:data2\" content=\"1 minut\" \/>\n<script type=\"application\/ld+json\" class=\"yoast-schema-graph\">{\"@context\":\"https:\\\/\\\/schema.org\",\"@graph\":[{\"@type\":\"Article\",\"@id\":\"https:\\\/\\\/www.4h.se\\\/kronoberg\\\/valkommen-till-stamman-2019\\\/#article\",\"isPartOf\":{\"@id\":\"https:\\\/\\\/www.4h.se\\\/kronoberg\\\/valkommen-till-stamman-2019\\\/\"},\"author\":{\"name\":\"Sofia Ek\",\"@id\":\"https:\\\/\\\/www.4h.se\\\/kronoberg\\\/#\\\/schema\\\/person\\\/932a8ad52c3a381a13469927a45670fd\"},\"headline\":\"V\u00e4lkommen till st\u00e4mman 2019\",\"datePublished\":\"2019-03-01T08:19:31+00:00\",\"dateModified\":\"2019-03-01T08:25:35+00:00\",\"mainEntityOfPage\":{\"@id\":\"https:\\\/\\\/www.4h.se\\\/kronoberg\\\/valkommen-till-stamman-2019\\\/\"},\"wordCount\":139,\"commentCount\":0,\"inLanguage\":\"sv-SE\",\"potentialAction\":[{\"@type\":\"CommentAction\",\"name\":\"Comment\",\"target\":[\"https:\\\/\\\/www.4h.se\\\/kronoberg\\\/valkommen-till-stamman-2019\\\/#respond\"]}]},{\"@type\":\"WebPage\",\"@id\":\"https:\\\/\\\/www.4h.se\\\/kronoberg\\\/valkommen-till-stamman-2019\\\/\",\"url\":\"https:\\\/\\\/www.4h.se\\\/kronoberg\\\/valkommen-till-stamman-2019\\\/\",\"name\":\"V\u00e4lkommen till st\u00e4mman 2019 - 4H i Kronoberg\",\"isPartOf\":{\"@id\":\"https:\\\/\\\/www.4h.se\\\/kronoberg\\\/#website\"},\"datePublished\":\"2019-03-01T08:19:31+00:00\",\"dateModified\":\"2019-03-01T08:25:35+00:00\",\"author\":{\"@id\":\"https:\\\/\\\/www.4h.se\\\/kronoberg\\\/#\\\/schema\\\/person\\\/932a8ad52c3a381a13469927a45670fd\"},\"breadcrumb\":{\"@id\":\"https:\\\/\\\/www.4h.se\\\/kronoberg\\\/valkommen-till-stamman-2019\\\/#breadcrumb\"},\"inLanguage\":\"sv-SE\",\"potentialAction\":[{\"@type\":\"ReadAction\",\"target\":[\"https:\\\/\\\/www.4h.se\\\/kronoberg\\\/valkommen-till-stamman-2019\\\/\"]}]},{\"@type\":\"BreadcrumbList\",\"@id\":\"https:\\\/\\\/www.4h.se\\\/kronoberg\\\/valkommen-till-stamman-2019\\\/#breadcrumb\",\"itemListElement\":[{\"@type\":\"ListItem\",\"position\":1,\"name\":\"Hem\",\"item\":\"https:\\\/\\\/www.4h.se\\\/kronoberg\\\/\"},{\"@type\":\"ListItem\",\"position\":2,\"name\":\"V\u00e4lkommen till st\u00e4mman 2019\"}]},{\"@type\":\"WebSite\",\"@id\":\"https:\\\/\\\/www.4h.se\\\/kronoberg\\\/#website\",\"url\":\"https:\\\/\\\/www.4h.se\\\/kronoberg\\\/\",\"name\":\"4H i Kronoberg\",\"description\":\"\",\"potentialAction\":[{\"@type\":\"SearchAction\",\"target\":{\"@type\":\"EntryPoint\",\"urlTemplate\":\"https:\\\/\\\/www.4h.se\\\/kronoberg\\\/?s={search_term_string}\"},\"query-input\":{\"@type\":\"PropertyValueSpecification\",\"valueRequired\":true,\"valueName\":\"search_term_string\"}}],\"inLanguage\":\"sv-SE\"},{\"@type\":\"Person\",\"@id\":\"https:\\\/\\\/www.4h.se\\\/kronoberg\\\/#\\\/schema\\\/person\\\/932a8ad52c3a381a13469927a45670fd\",\"name\":\"Sofia Ek\",\"image\":{\"@type\":\"ImageObject\",\"inLanguage\":\"sv-SE\",\"@id\":\"https:\\\/\\\/secure.gravatar.com\\\/avatar\\\/e544e39006b848b3abe41adf96d59f512b5cb849e2df3797e8e9f87eec4bb89d?s=96&d=mm&r=g\",\"url\":\"https:\\\/\\\/secure.gravatar.com\\\/avatar\\\/e544e39006b848b3abe41adf96d59f512b5cb849e2df3797e8e9f87eec4bb89d?s=96&d=mm&r=g\",\"contentUrl\":\"https:\\\/\\\/secure.gravatar.com\\\/avatar\\\/e544e39006b848b3abe41adf96d59f512b5cb849e2df3797e8e9f87eec4bb89d?s=96&d=mm&r=g\",\"caption\":\"Sofia Ek\"},\"url\":\"https:\\\/\\\/www.4h.se\\\/kronoberg\\\/author\\\/sofia-ek\\\/\"}]}<\/script>\n<!-- \/ Yoast SEO plugin. -->","yoast_head_json":{"title":"V\u00e4lkommen till st\u00e4mman 2019 - 4H i Kronoberg","robots":{"index":"index","follow":"follow","max-snippet":"max-snippet:-1","max-image-preview":"max-image-preview:large","max-video-preview":"max-video-preview:-1"},"canonical":"https:\/\/www.4h.se\/kronoberg\/valkommen-till-stamman-2019\/","og_locale":"sv_SE","og_type":"article","og_title":"V\u00e4lkommen till st\u00e4mman 2019 - 4H i Kronoberg","og_description":"[vc_row][vc_column][vc_column_text]\u00c5rets st\u00e4mma i l\u00e4nsf\u00f6rbundet h\u00e5lls den 4 maj i V\u00e4xj\u00f6. F\u00f6rutom att f\u00f6lja verksamhet och planering p\u00e5 l\u00e4nsniv\u00e5 tr\u00e4ffar du andra trevliga 4H-are och \u00e4ter gott. P\u00e5 G-galan delas \u00e5rets utm\u00e4rkelser ut &#8211; ta chansen att nominera! Tid 4 maj kl 14.00-18.00 Vi b\u00f6rjar med st\u00e4mman och \u00e4ter d\u00e4refter tacobuff\u00e9 med efterr\u00e4tt. Sist G-gala med&nbsp; &hellip; Read more","og_url":"https:\/\/www.4h.se\/kronoberg\/valkommen-till-stamman-2019\/","og_site_name":"4H i Kronoberg","article_published_time":"2019-03-01T08:19:31+00:00","article_modified_time":"2019-03-01T08:25:35+00:00","author":"Sofia Ek","twitter_card":"summary_large_image","twitter_misc":{"Skriven av":"Sofia Ek","Ber\u00e4knad l\u00e4stid":"1 minut"},"schema":{"@context":"https:\/\/schema.org","@graph":[{"@type":"Article","@id":"https:\/\/www.4h.se\/kronoberg\/valkommen-till-stamman-2019\/#article","isPartOf":{"@id":"https:\/\/www.4h.se\/kronoberg\/valkommen-till-stamman-2019\/"},"author":{"name":"Sofia Ek","@id":"https:\/\/www.4h.se\/kronoberg\/#\/schema\/person\/932a8ad52c3a381a13469927a45670fd"},"headline":"V\u00e4lkommen till st\u00e4mman 2019","datePublished":"2019-03-01T08:19:31+00:00","dateModified":"2019-03-01T08:25:35+00:00","mainEntityOfPage":{"@id":"https:\/\/www.4h.se\/kronoberg\/valkommen-till-stamman-2019\/"},"wordCount":139,"commentCount":0,"inLanguage":"sv-SE","potentialAction":[{"@type":"CommentAction","name":"Comment","target":["https:\/\/www.4h.se\/kronoberg\/valkommen-till-stamman-2019\/#respond"]}]},{"@type":"WebPage","@id":"https:\/\/www.4h.se\/kronoberg\/valkommen-till-stamman-2019\/","url":"https:\/\/www.4h.se\/kronoberg\/valkommen-till-stamman-2019\/","name":"V\u00e4lkommen till st\u00e4mman 2019 - 4H i Kronoberg","isPartOf":{"@id":"https:\/\/www.4h.se\/kronoberg\/#website"},"datePublished":"2019-03-01T08:19:31+00:00","dateModified":"2019-03-01T08:25:35+00:00","author":{"@id":"https:\/\/www.4h.se\/kronoberg\/#\/schema\/person\/932a8ad52c3a381a13469927a45670fd"},"breadcrumb":{"@id":"https:\/\/www.4h.se\/kronoberg\/valkommen-till-stamman-2019\/#breadcrumb"},"inLanguage":"sv-SE","potentialAction":[{"@type":"ReadAction","target":["https:\/\/www.4h.se\/kronoberg\/valkommen-till-stamman-2019\/"]}]},{"@type":"BreadcrumbList","@id":"https:\/\/www.4h.se\/kronoberg\/valkommen-till-stamman-2019\/#breadcrumb","itemListElement":[{"@type":"ListItem","position":1,"name":"Hem","item":"https:\/\/www.4h.se\/kronoberg\/"},{"@type":"ListItem","position":2,"name":"V\u00e4lkommen till st\u00e4mman 2019"}]},{"@type":"WebSite","@id":"https:\/\/www.4h.se\/kronoberg\/#website","url":"https:\/\/www.4h.se\/kronoberg\/","name":"4H i Kronoberg","description":"","potentialAction":[{"@type":"SearchAction","target":{"@type":"EntryPoint","urlTemplate":"https:\/\/www.4h.se\/kronoberg\/?s={search_term_string}"},"query-input":{"@type":"PropertyValueSpecification","valueRequired":true,"valueName":"search_term_string"}}],"inLanguage":"sv-SE"},{"@type":"Person","@id":"https:\/\/www.4h.se\/kronoberg\/#\/schema\/person\/932a8ad52c3a381a13469927a45670fd","name":"Sofia Ek","image":{"@type":"ImageObject","inLanguage":"sv-SE","@id":"https:\/\/secure.gravatar.com\/avatar\/e544e39006b848b3abe41adf96d59f512b5cb849e2df3797e8e9f87eec4bb89d?s=96&d=mm&r=g","url":"https:\/\/secure.gravatar.com\/avatar\/e544e39006b848b3abe41adf96d59f512b5cb849e2df3797e8e9f87eec4bb89d?s=96&d=mm&r=g","contentUrl":"https:\/\/secure.gravatar.com\/avatar\/e544e39006b848b3abe41adf96d59f512b5cb849e2df3797e8e9f87eec4bb89d?s=96&d=mm&r=g","caption":"Sofia Ek"},"url":"https:\/\/www.4h.se\/kronoberg\/author\/sofia-ek\/"}]}},"_links":{"self":[{"href":"https:\/\/www.4h.se\/kronoberg\/wp-json\/wp\/v2\/posts\/546","targetHints":{"allow":["GET"]}}],"collection":[{"href":"https:\/\/www.4h.se\/kronoberg\/wp-json\/wp\/v2\/posts"}],"about":[{"href":"https:\/\/www.4h.se\/kronoberg\/wp-json\/wp\/v2\/types\/post"}],"author":[{"embeddable":true,"href":"https:\/\/www.4h.se\/kronoberg\/wp-json\/wp\/v2\/users\/85"}],"replies":[{"embeddable":true,"href":"https:\/\/www.4h.se\/kronoberg\/wp-json\/wp\/v2\/comments?post=546"}],"version-history":[{"count":2,"href":"https:\/\/www.4h.se\/kronoberg\/wp-json\/wp\/v2\/posts\/546\/revisions"}],"predecessor-version":[{"id":548,"href":"https:\/\/www.4h.se\/kronoberg\/wp-json\/wp\/v2\/posts\/546\/revisions\/548"}],"wp:attachment":[{"href":"https:\/\/www.4h.se\/kronoberg\/wp-json\/wp\/v2\/media?parent=546"}],"wp:term":[{"taxonomy":"category","embeddable":true,"href":"https:\/\/www.4h.se\/kronoberg\/wp-json\/wp\/v2\/categories?post=546"},{"taxonomy":"post_tag","embeddable":true,"href":"https:\/\/www.4h.se\/kronoberg\/wp-json\/wp\/v2\/tags?post=546"}],"curies":[{"name":"wp","href":"https:\/\/api.w.org\/{rel}","templated":true}]}}