



{"id":533,"date":"2019-01-21T14:01:19","date_gmt":"2019-01-21T13:01:19","guid":{"rendered":"https:\/\/www.4h.se\/kronoberg\/?p=533"},"modified":"2019-01-21T14:04:44","modified_gmt":"2019-01-21T13:04:44","slug":"ungdomsledare-besokte-4h-i-berlin","status":"publish","type":"post","link":"https:\/\/www.4h.se\/kronoberg\/ungdomsledare-besokte-4h-i-berlin\/","title":{"rendered":"Ungdomsledare bes\u00f6kte 4H i Berlin"},"content":{"rendered":"<div class=\"wpb-content-wrapper\"><p>[vc_row][vc_column][vc_column_text]<\/p>\n<h3>Ungdomsledarna bes\u00f6kte 4h i Berlin<\/h3>\n<p>&nbsp;<\/p>\n<p><strong>Ungdomsledarna p\u00e5 4H f\u00e5r ibland m\u00f6jlighet att resa p\u00e5 studiebes\u00f6k till andra g\u00e5rdar i Europa \u2013 m\u00f6jligheterna \u00e4r m\u00e5nga d\u00e5 4H och cityfarms finns i hela 80 l\u00e4nder. Innan jul anordnade V\u00e4xj\u00f6 4H en resa till Berlin d\u00e4r ungdomsledarna fick m\u00e5nga starka upplevelser med sig hem. Ida Ganslandt skrev ned sin ber\u00e4ttelse.<\/strong><\/p>\n<p>\u201dResan b\u00f6rjade p\u00e5 torsdagen d\u00e5 vi bilade ner till Tysklands huvudstad Berlin. P\u00e5 fredagen bes\u00f6kte vi tv\u00e5 cityfarms i Berlin. Den f\u00f6rsta vi bes\u00f6kte heter Moorwiese och var som en stor fritidsg\u00e5rd\/lekplats. Det fanns ingen elektricitet p\u00e5 omr\u00e5det f\u00f6rutom i en barack d\u00e4r de fick elektricitet fr\u00e5n solceller. Barn kom dit och uttryckte sin kreativitet blandat med lek. Barnen p\u00e5 Moorwiese har sj\u00e4lva varit med och byggt sin egna lekplats.<\/p>\n<p>Den andra cityfarmen vi bes\u00f6kte heter Pinke panke och d\u00e4r hade de ocks\u00e5 djur. \u00c4ven d\u00e4r hade barnen f\u00e5tt hj\u00e4lpa till att bygga sin lekplats med kojor och vid speciella \u00f6vernattningar fick de sova \u00f6ver i sina egna byggen. Djuren de hade p\u00e5 Pinke panke var f\u00e5r, h\u00f6ns, kaniner, ankor, \u00e5snor och en stor gris. Grisen som bodde d\u00e4r var framavlad p\u00e5 ett labb d\u00e4r de f\u00f6rs\u00f6kte f\u00e5 fram grisar som liknade dem som fanns p\u00e5 medeltiden. Men d\u00e5 denna grisen inte blev helt som labbet ville ha den blev den sk\u00e4nkt till Pinke panke. P\u00e5 Pinke panke bj\u00f6d de oss p\u00e5 soppa och nybakt br\u00f6d som de bakat i en uteugn.<\/p>\n<p>Senare p\u00e5 fredagskv\u00e4llen bes\u00f6kte vi Brandenburger tor i centrala Berlin och tog en l\u00e5ng promenad genom staden. Vi stannade \u00e4ven till p\u00e5 en mysig julmarknad.<\/p>\n<p>P\u00e5 l\u00f6rdagen tillbringade vi stora delar av dagen p\u00e5 koncentrationsl\u00e4gret Sachsenhausen. Vi hade en svensk guide med oss som visade oss runt hela omr\u00e5det. Vi blev alla ber\u00f6rda av det som h\u00e4nt p\u00e5 Sachsenhausen. Vi h\u00f6rde om olika tortyrmetoder, maten och hur de bodde och det fick oss verkligen att inse att allt vi klagar p\u00e5 i vardagen inte \u00e4r n\u00e5gonting i j\u00e4mf\u00f6relse med vad de m\u00e4nniskorna som bodde i koncentrationsl\u00e4ger fick g\u00e5 igenom.<\/p>\n<p>Kv\u00e4llen tillbringade vi p\u00e5 en mysig julmarknad nedanf\u00f6r kyrkoruinen Kaiser-Wilhelm-Ged\u00e4chtniskirche. Kyrkan blev bombad under andra v\u00e4rldskriget och har sedan dess varit en bevarad ruin mitt i berlin.<\/p>\n<p>V\u00e5r sista f\u00f6rmiddag i Tyskland bes\u00f6kte vi Checkpoint Charlie, ett minnesmonument till alla judarna som dog under andra v\u00e4rldskriget och en bit av berlinmuren som finns kvar \u00e4n idag. Efter det bilade vi hem (och missade v\u00e5r b\u00e5t till Danmark fr\u00e5n Tyskland).\u201d[\/vc_column_text][\/vc_column][\/vc_row][vc_row][vc_column][vc_single_image image=&#8221;535&#8243; img_size=&#8221;500&#215;400&#8243;][\/vc_column][\/vc_row]<\/p>\n<\/div>","protected":false},"excerpt":{"rendered":"<p>[vc_row][vc_column][vc_column_text] Ungdomsledarna bes\u00f6kte 4h i Berlin &nbsp; Ungdomsledarna p\u00e5 4H f\u00e5r ibland m\u00f6jlighet att resa p\u00e5 studiebes\u00f6k till andra g\u00e5rdar i Europa \u2013 m\u00f6jligheterna \u00e4r m\u00e5nga d\u00e5 4H och cityfarms finns i hela 80 l\u00e4nder. Innan jul anordnade V\u00e4xj\u00f6 4H en resa till Berlin d\u00e4r ungdomsledarna fick m\u00e5nga starka upplevelser med sig hem. Ida Ganslandt&nbsp; <a href=\"https:\/\/www.4h.se\/kronoberg\/ungdomsledare-besokte-4h-i-berlin\/\">&hellip; Read more <i class=\"glyphicon glyphicon-arrow-right\"><\/i><\/a><\/p>\n","protected":false},"author":85,"featured_media":0,"comment_status":"open","ping_status":"open","sticky":false,"template":"","format":"standard","meta":{"_acf_changed":false,"footnotes":""},"categories":[1],"tags":[],"class_list":["post-533","post","type-post","status-publish","format-standard","hentry","category-okategoriserade"],"acf":[],"yoast_head":"<!-- This site is optimized with the Yoast SEO plugin v27.5 - https:\/\/yoast.com\/product\/yoast-seo-wordpress\/ -->\n<title>Ungdomsledare bes\u00f6kte 4H i Berlin - 4H i Kronoberg<\/title>\n<meta name=\"robots\" content=\"index, follow, max-snippet:-1, max-image-preview:large, max-video-preview:-1\" \/>\n<link rel=\"canonical\" href=\"https:\/\/www.4h.se\/kronoberg\/ungdomsledare-besokte-4h-i-berlin\/\" \/>\n<meta property=\"og:locale\" content=\"sv_SE\" \/>\n<meta property=\"og:type\" content=\"article\" \/>\n<meta property=\"og:title\" content=\"Ungdomsledare bes\u00f6kte 4H i Berlin - 4H i Kronoberg\" \/>\n<meta property=\"og:description\" content=\"[vc_row][vc_column][vc_column_text] Ungdomsledarna bes\u00f6kte 4h i Berlin &nbsp; Ungdomsledarna p\u00e5 4H f\u00e5r ibland m\u00f6jlighet att resa p\u00e5 studiebes\u00f6k till andra g\u00e5rdar i Europa \u2013 m\u00f6jligheterna \u00e4r m\u00e5nga d\u00e5 4H och cityfarms finns i hela 80 l\u00e4nder. Innan jul anordnade V\u00e4xj\u00f6 4H en resa till Berlin d\u00e4r ungdomsledarna fick m\u00e5nga starka upplevelser med sig hem. Ida Ganslandt&nbsp; &hellip; Read more\" \/>\n<meta property=\"og:url\" content=\"https:\/\/www.4h.se\/kronoberg\/ungdomsledare-besokte-4h-i-berlin\/\" \/>\n<meta property=\"og:site_name\" content=\"4H i Kronoberg\" \/>\n<meta property=\"article:published_time\" content=\"2019-01-21T13:01:19+00:00\" \/>\n<meta property=\"article:modified_time\" content=\"2019-01-21T13:04:44+00:00\" \/>\n<meta name=\"author\" content=\"Sofia Ek\" \/>\n<meta name=\"twitter:card\" content=\"summary_large_image\" \/>\n<meta name=\"twitter:label1\" content=\"Skriven av\" \/>\n\t<meta name=\"twitter:data1\" content=\"Sofia Ek\" \/>\n\t<meta name=\"twitter:label2\" content=\"Ber\u00e4knad l\u00e4stid\" \/>\n\t<meta name=\"twitter:data2\" content=\"2 minuter\" \/>\n<script type=\"application\/ld+json\" class=\"yoast-schema-graph\">{\"@context\":\"https:\\\/\\\/schema.org\",\"@graph\":[{\"@type\":\"Article\",\"@id\":\"https:\\\/\\\/www.4h.se\\\/kronoberg\\\/ungdomsledare-besokte-4h-i-berlin\\\/#article\",\"isPartOf\":{\"@id\":\"https:\\\/\\\/www.4h.se\\\/kronoberg\\\/ungdomsledare-besokte-4h-i-berlin\\\/\"},\"author\":{\"name\":\"Sofia Ek\",\"@id\":\"https:\\\/\\\/www.4h.se\\\/kronoberg\\\/#\\\/schema\\\/person\\\/932a8ad52c3a381a13469927a45670fd\"},\"headline\":\"Ungdomsledare bes\u00f6kte 4H i Berlin\",\"datePublished\":\"2019-01-21T13:01:19+00:00\",\"dateModified\":\"2019-01-21T13:04:44+00:00\",\"mainEntityOfPage\":{\"@id\":\"https:\\\/\\\/www.4h.se\\\/kronoberg\\\/ungdomsledare-besokte-4h-i-berlin\\\/\"},\"wordCount\":503,\"commentCount\":0,\"inLanguage\":\"sv-SE\",\"potentialAction\":[{\"@type\":\"CommentAction\",\"name\":\"Comment\",\"target\":[\"https:\\\/\\\/www.4h.se\\\/kronoberg\\\/ungdomsledare-besokte-4h-i-berlin\\\/#respond\"]}]},{\"@type\":\"WebPage\",\"@id\":\"https:\\\/\\\/www.4h.se\\\/kronoberg\\\/ungdomsledare-besokte-4h-i-berlin\\\/\",\"url\":\"https:\\\/\\\/www.4h.se\\\/kronoberg\\\/ungdomsledare-besokte-4h-i-berlin\\\/\",\"name\":\"Ungdomsledare bes\u00f6kte 4H i Berlin - 4H i Kronoberg\",\"isPartOf\":{\"@id\":\"https:\\\/\\\/www.4h.se\\\/kronoberg\\\/#website\"},\"datePublished\":\"2019-01-21T13:01:19+00:00\",\"dateModified\":\"2019-01-21T13:04:44+00:00\",\"author\":{\"@id\":\"https:\\\/\\\/www.4h.se\\\/kronoberg\\\/#\\\/schema\\\/person\\\/932a8ad52c3a381a13469927a45670fd\"},\"breadcrumb\":{\"@id\":\"https:\\\/\\\/www.4h.se\\\/kronoberg\\\/ungdomsledare-besokte-4h-i-berlin\\\/#breadcrumb\"},\"inLanguage\":\"sv-SE\",\"potentialAction\":[{\"@type\":\"ReadAction\",\"target\":[\"https:\\\/\\\/www.4h.se\\\/kronoberg\\\/ungdomsledare-besokte-4h-i-berlin\\\/\"]}]},{\"@type\":\"BreadcrumbList\",\"@id\":\"https:\\\/\\\/www.4h.se\\\/kronoberg\\\/ungdomsledare-besokte-4h-i-berlin\\\/#breadcrumb\",\"itemListElement\":[{\"@type\":\"ListItem\",\"position\":1,\"name\":\"Hem\",\"item\":\"https:\\\/\\\/www.4h.se\\\/kronoberg\\\/\"},{\"@type\":\"ListItem\",\"position\":2,\"name\":\"Ungdomsledare bes\u00f6kte 4H i Berlin\"}]},{\"@type\":\"WebSite\",\"@id\":\"https:\\\/\\\/www.4h.se\\\/kronoberg\\\/#website\",\"url\":\"https:\\\/\\\/www.4h.se\\\/kronoberg\\\/\",\"name\":\"4H i Kronoberg\",\"description\":\"\",\"potentialAction\":[{\"@type\":\"SearchAction\",\"target\":{\"@type\":\"EntryPoint\",\"urlTemplate\":\"https:\\\/\\\/www.4h.se\\\/kronoberg\\\/?s={search_term_string}\"},\"query-input\":{\"@type\":\"PropertyValueSpecification\",\"valueRequired\":true,\"valueName\":\"search_term_string\"}}],\"inLanguage\":\"sv-SE\"},{\"@type\":\"Person\",\"@id\":\"https:\\\/\\\/www.4h.se\\\/kronoberg\\\/#\\\/schema\\\/person\\\/932a8ad52c3a381a13469927a45670fd\",\"name\":\"Sofia Ek\",\"image\":{\"@type\":\"ImageObject\",\"inLanguage\":\"sv-SE\",\"@id\":\"https:\\\/\\\/secure.gravatar.com\\\/avatar\\\/e544e39006b848b3abe41adf96d59f512b5cb849e2df3797e8e9f87eec4bb89d?s=96&d=mm&r=g\",\"url\":\"https:\\\/\\\/secure.gravatar.com\\\/avatar\\\/e544e39006b848b3abe41adf96d59f512b5cb849e2df3797e8e9f87eec4bb89d?s=96&d=mm&r=g\",\"contentUrl\":\"https:\\\/\\\/secure.gravatar.com\\\/avatar\\\/e544e39006b848b3abe41adf96d59f512b5cb849e2df3797e8e9f87eec4bb89d?s=96&d=mm&r=g\",\"caption\":\"Sofia Ek\"},\"url\":\"https:\\\/\\\/www.4h.se\\\/kronoberg\\\/author\\\/sofia-ek\\\/\"}]}<\/script>\n<!-- \/ Yoast SEO plugin. -->","yoast_head_json":{"title":"Ungdomsledare bes\u00f6kte 4H i Berlin - 4H i Kronoberg","robots":{"index":"index","follow":"follow","max-snippet":"max-snippet:-1","max-image-preview":"max-image-preview:large","max-video-preview":"max-video-preview:-1"},"canonical":"https:\/\/www.4h.se\/kronoberg\/ungdomsledare-besokte-4h-i-berlin\/","og_locale":"sv_SE","og_type":"article","og_title":"Ungdomsledare bes\u00f6kte 4H i Berlin - 4H i Kronoberg","og_description":"[vc_row][vc_column][vc_column_text] Ungdomsledarna bes\u00f6kte 4h i Berlin &nbsp; Ungdomsledarna p\u00e5 4H f\u00e5r ibland m\u00f6jlighet att resa p\u00e5 studiebes\u00f6k till andra g\u00e5rdar i Europa \u2013 m\u00f6jligheterna \u00e4r m\u00e5nga d\u00e5 4H och cityfarms finns i hela 80 l\u00e4nder. Innan jul anordnade V\u00e4xj\u00f6 4H en resa till Berlin d\u00e4r ungdomsledarna fick m\u00e5nga starka upplevelser med sig hem. Ida Ganslandt&nbsp; &hellip; Read more","og_url":"https:\/\/www.4h.se\/kronoberg\/ungdomsledare-besokte-4h-i-berlin\/","og_site_name":"4H i Kronoberg","article_published_time":"2019-01-21T13:01:19+00:00","article_modified_time":"2019-01-21T13:04:44+00:00","author":"Sofia Ek","twitter_card":"summary_large_image","twitter_misc":{"Skriven av":"Sofia Ek","Ber\u00e4knad l\u00e4stid":"2 minuter"},"schema":{"@context":"https:\/\/schema.org","@graph":[{"@type":"Article","@id":"https:\/\/www.4h.se\/kronoberg\/ungdomsledare-besokte-4h-i-berlin\/#article","isPartOf":{"@id":"https:\/\/www.4h.se\/kronoberg\/ungdomsledare-besokte-4h-i-berlin\/"},"author":{"name":"Sofia Ek","@id":"https:\/\/www.4h.se\/kronoberg\/#\/schema\/person\/932a8ad52c3a381a13469927a45670fd"},"headline":"Ungdomsledare bes\u00f6kte 4H i Berlin","datePublished":"2019-01-21T13:01:19+00:00","dateModified":"2019-01-21T13:04:44+00:00","mainEntityOfPage":{"@id":"https:\/\/www.4h.se\/kronoberg\/ungdomsledare-besokte-4h-i-berlin\/"},"wordCount":503,"commentCount":0,"inLanguage":"sv-SE","potentialAction":[{"@type":"CommentAction","name":"Comment","target":["https:\/\/www.4h.se\/kronoberg\/ungdomsledare-besokte-4h-i-berlin\/#respond"]}]},{"@type":"WebPage","@id":"https:\/\/www.4h.se\/kronoberg\/ungdomsledare-besokte-4h-i-berlin\/","url":"https:\/\/www.4h.se\/kronoberg\/ungdomsledare-besokte-4h-i-berlin\/","name":"Ungdomsledare bes\u00f6kte 4H i Berlin - 4H i Kronoberg","isPartOf":{"@id":"https:\/\/www.4h.se\/kronoberg\/#website"},"datePublished":"2019-01-21T13:01:19+00:00","dateModified":"2019-01-21T13:04:44+00:00","author":{"@id":"https:\/\/www.4h.se\/kronoberg\/#\/schema\/person\/932a8ad52c3a381a13469927a45670fd"},"breadcrumb":{"@id":"https:\/\/www.4h.se\/kronoberg\/ungdomsledare-besokte-4h-i-berlin\/#breadcrumb"},"inLanguage":"sv-SE","potentialAction":[{"@type":"ReadAction","target":["https:\/\/www.4h.se\/kronoberg\/ungdomsledare-besokte-4h-i-berlin\/"]}]},{"@type":"BreadcrumbList","@id":"https:\/\/www.4h.se\/kronoberg\/ungdomsledare-besokte-4h-i-berlin\/#breadcrumb","itemListElement":[{"@type":"ListItem","position":1,"name":"Hem","item":"https:\/\/www.4h.se\/kronoberg\/"},{"@type":"ListItem","position":2,"name":"Ungdomsledare bes\u00f6kte 4H i Berlin"}]},{"@type":"WebSite","@id":"https:\/\/www.4h.se\/kronoberg\/#website","url":"https:\/\/www.4h.se\/kronoberg\/","name":"4H i Kronoberg","description":"","potentialAction":[{"@type":"SearchAction","target":{"@type":"EntryPoint","urlTemplate":"https:\/\/www.4h.se\/kronoberg\/?s={search_term_string}"},"query-input":{"@type":"PropertyValueSpecification","valueRequired":true,"valueName":"search_term_string"}}],"inLanguage":"sv-SE"},{"@type":"Person","@id":"https:\/\/www.4h.se\/kronoberg\/#\/schema\/person\/932a8ad52c3a381a13469927a45670fd","name":"Sofia Ek","image":{"@type":"ImageObject","inLanguage":"sv-SE","@id":"https:\/\/secure.gravatar.com\/avatar\/e544e39006b848b3abe41adf96d59f512b5cb849e2df3797e8e9f87eec4bb89d?s=96&d=mm&r=g","url":"https:\/\/secure.gravatar.com\/avatar\/e544e39006b848b3abe41adf96d59f512b5cb849e2df3797e8e9f87eec4bb89d?s=96&d=mm&r=g","contentUrl":"https:\/\/secure.gravatar.com\/avatar\/e544e39006b848b3abe41adf96d59f512b5cb849e2df3797e8e9f87eec4bb89d?s=96&d=mm&r=g","caption":"Sofia Ek"},"url":"https:\/\/www.4h.se\/kronoberg\/author\/sofia-ek\/"}]}},"_links":{"self":[{"href":"https:\/\/www.4h.se\/kronoberg\/wp-json\/wp\/v2\/posts\/533","targetHints":{"allow":["GET"]}}],"collection":[{"href":"https:\/\/www.4h.se\/kronoberg\/wp-json\/wp\/v2\/posts"}],"about":[{"href":"https:\/\/www.4h.se\/kronoberg\/wp-json\/wp\/v2\/types\/post"}],"author":[{"embeddable":true,"href":"https:\/\/www.4h.se\/kronoberg\/wp-json\/wp\/v2\/users\/85"}],"replies":[{"embeddable":true,"href":"https:\/\/www.4h.se\/kronoberg\/wp-json\/wp\/v2\/comments?post=533"}],"version-history":[{"count":3,"href":"https:\/\/www.4h.se\/kronoberg\/wp-json\/wp\/v2\/posts\/533\/revisions"}],"predecessor-version":[{"id":537,"href":"https:\/\/www.4h.se\/kronoberg\/wp-json\/wp\/v2\/posts\/533\/revisions\/537"}],"wp:attachment":[{"href":"https:\/\/www.4h.se\/kronoberg\/wp-json\/wp\/v2\/media?parent=533"}],"wp:term":[{"taxonomy":"category","embeddable":true,"href":"https:\/\/www.4h.se\/kronoberg\/wp-json\/wp\/v2\/categories?post=533"},{"taxonomy":"post_tag","embeddable":true,"href":"https:\/\/www.4h.se\/kronoberg\/wp-json\/wp\/v2\/tags?post=533"}],"curies":[{"name":"wp","href":"https:\/\/api.w.org\/{rel}","templated":true}]}}