



{"id":2487,"date":"2025-09-22T08:00:41","date_gmt":"2025-09-22T06:00:41","guid":{"rendered":"https:\/\/www.4h.se\/almvik\/?p=2487"},"modified":"2026-04-21T21:41:16","modified_gmt":"2026-04-21T19:41:16","slug":"4h-dagen-2025-en-aterblick","status":"publish","type":"post","link":"https:\/\/www.4h.se\/almvik\/4h-dagen-2025-en-aterblick\/","title":{"rendered":"4H-Dagen 2025 en \u00e5terblick"},"content":{"rendered":"<div class=\"wpb-content-wrapper\"><p>[vc_row][vc_column][vc_column_text]Nedan bjuder vi p\u00e5 en \u00e5terblick fr\u00e5n 4H-dagen p\u00e5 Almviks 4H-g\u00e5rd den 20 september 2025.<\/p>\n<p>Vi vill ocks\u00e5 passa p\u00e5 att tacka alla bes\u00f6kare och volont\u00e4rer som fick \u00e5rets 4H-dag att bli v\u00e4ldigt speciell.<\/p>\n<p>Klicka p\u00e5 valfri bild nedan f\u00f6r att starta bildspelet\u2026[\/vc_column_text][\/vc_column][\/vc_row][vc_row][vc_column][vc_gallery type=&#8221;image_grid&#8221; images=&#8221;2477,2484,2483,2482,2481,2480,2479,2478,2476,2475,2474,2473,2472,2471,2470,2469,2468,2467,2466,2465,2464&#8243; css=&#8221;&#8221; title=&#8221;Bilder&#8221;][\/vc_column][\/vc_row]<\/p>\n<\/div>","protected":false},"excerpt":{"rendered":"<p>[vc_row][vc_column][vc_column_text]Nedan bjuder vi p\u00e5 en \u00e5terblick fr\u00e5n 4H-dagen p\u00e5 Almviks 4H-g\u00e5rd den 20 september 2025. Vi vill ocks\u00e5 passa p\u00e5 att tacka alla bes\u00f6kare och volont\u00e4rer som fick \u00e5rets 4H-dag att bli v\u00e4ldigt speciell. Klicka p\u00e5 valfri bild nedan f\u00f6r att starta bildspelet\u2026[\/vc_column_text][\/vc_column][\/vc_row][vc_row][vc_column][vc_gallery type=&#8221;image_grid&#8221; images=&#8221;2477,2484,2483,2482,2481,2480,2479,2478,2476,2475,2474,2473,2472,2471,2470,2469,2468,2467,2466,2465,2464&#8243; css=&#8221;&#8221; title=&#8221;Bilder&#8221;][\/vc_column][\/vc_row]<\/p>\n","protected":false},"author":61,"featured_media":0,"comment_status":"open","ping_status":"open","sticky":false,"template":"","format":"standard","meta":{"_acf_changed":false,"footnotes":""},"categories":[1],"tags":[],"class_list":["post-2487","post","type-post","status-publish","format-standard","hentry","category-okategoriserade"],"acf":[],"yoast_head":"<!-- This site is optimized with the Yoast SEO plugin v27.5 - https:\/\/yoast.com\/product\/yoast-seo-wordpress\/ -->\n<title>4H-Dagen 2025 en \u00e5terblick - Almviks 4H-g\u00e5rd<\/title>\n<meta name=\"robots\" content=\"index, follow, max-snippet:-1, max-image-preview:large, max-video-preview:-1\" \/>\n<link rel=\"canonical\" href=\"https:\/\/www.4h.se\/almvik\/4h-dagen-2025-en-aterblick\/\" \/>\n<meta property=\"og:locale\" content=\"sv_SE\" \/>\n<meta property=\"og:type\" content=\"article\" \/>\n<meta property=\"og:title\" content=\"4H-Dagen 2025 en \u00e5terblick - Almviks 4H-g\u00e5rd\" \/>\n<meta property=\"og:description\" content=\"[vc_row][vc_column][vc_column_text]Nedan bjuder vi p\u00e5 en \u00e5terblick fr\u00e5n 4H-dagen p\u00e5 Almviks 4H-g\u00e5rd den 20 september 2025. Vi vill ocks\u00e5 passa p\u00e5 att tacka alla bes\u00f6kare och volont\u00e4rer som fick \u00e5rets 4H-dag att bli v\u00e4ldigt speciell. Klicka p\u00e5 valfri bild nedan f\u00f6r att starta bildspelet\u2026[\/vc_column_text][\/vc_column][\/vc_row][vc_row][vc_column][vc_gallery type=&#8221;image_grid&#8221; images=&#8221;2477,2484,2483,2482,2481,2480,2479,2478,2476,2475,2474,2473,2472,2471,2470,2469,2468,2467,2466,2465,2464&#8243; css=&#8221;&#8221; title=&#8221;Bilder&#8221;][\/vc_column][\/vc_row]\" \/>\n<meta property=\"og:url\" content=\"https:\/\/www.4h.se\/almvik\/4h-dagen-2025-en-aterblick\/\" \/>\n<meta property=\"og:site_name\" content=\"Almviks 4H-g\u00e5rd\" \/>\n<meta property=\"article:publisher\" content=\"https:\/\/www.facebook.com\/Almviks4Hgard\/\" \/>\n<meta property=\"article:author\" content=\"https:\/\/www.facebook.com\/mikeyswede\" \/>\n<meta property=\"article:published_time\" content=\"2025-09-22T06:00:41+00:00\" \/>\n<meta property=\"article:modified_time\" content=\"2026-04-21T19:41:16+00:00\" \/>\n<meta name=\"author\" content=\"Michael Lindstr\u00f6m\" \/>\n<meta name=\"twitter:card\" content=\"summary_large_image\" \/>\n<meta name=\"twitter:creator\" content=\"@MikeySwede\" \/>\n<meta name=\"twitter:label1\" content=\"Skriven av\" \/>\n\t<meta name=\"twitter:data1\" content=\"Michael Lindstr\u00f6m\" \/>\n\t<meta name=\"twitter:label2\" content=\"Ber\u00e4knad l\u00e4stid\" \/>\n\t<meta name=\"twitter:data2\" content=\"1 minut\" \/>\n<script type=\"application\/ld+json\" class=\"yoast-schema-graph\">{\"@context\":\"https:\\\/\\\/schema.org\",\"@graph\":[{\"@type\":\"Article\",\"@id\":\"https:\\\/\\\/www.4h.se\\\/almvik\\\/4h-dagen-2025-en-aterblick\\\/#article\",\"isPartOf\":{\"@id\":\"https:\\\/\\\/www.4h.se\\\/almvik\\\/4h-dagen-2025-en-aterblick\\\/\"},\"author\":{\"name\":\"Michael Lindstr\u00f6m\",\"@id\":\"https:\\\/\\\/www.4h.se\\\/almvik\\\/#\\\/schema\\\/person\\\/b8c89dbfa641edaab5e71c52e4df4741\"},\"headline\":\"4H-Dagen 2025 en \u00e5terblick\",\"datePublished\":\"2025-09-22T06:00:41+00:00\",\"dateModified\":\"2026-04-21T19:41:16+00:00\",\"mainEntityOfPage\":{\"@id\":\"https:\\\/\\\/www.4h.se\\\/almvik\\\/4h-dagen-2025-en-aterblick\\\/\"},\"wordCount\":81,\"commentCount\":0,\"inLanguage\":\"sv-SE\",\"potentialAction\":[{\"@type\":\"CommentAction\",\"name\":\"Comment\",\"target\":[\"https:\\\/\\\/www.4h.se\\\/almvik\\\/4h-dagen-2025-en-aterblick\\\/#respond\"]}]},{\"@type\":\"WebPage\",\"@id\":\"https:\\\/\\\/www.4h.se\\\/almvik\\\/4h-dagen-2025-en-aterblick\\\/\",\"url\":\"https:\\\/\\\/www.4h.se\\\/almvik\\\/4h-dagen-2025-en-aterblick\\\/\",\"name\":\"4H-Dagen 2025 en \u00e5terblick - Almviks 4H-g\u00e5rd\",\"isPartOf\":{\"@id\":\"https:\\\/\\\/www.4h.se\\\/almvik\\\/#website\"},\"datePublished\":\"2025-09-22T06:00:41+00:00\",\"dateModified\":\"2026-04-21T19:41:16+00:00\",\"author\":{\"@id\":\"https:\\\/\\\/www.4h.se\\\/almvik\\\/#\\\/schema\\\/person\\\/b8c89dbfa641edaab5e71c52e4df4741\"},\"breadcrumb\":{\"@id\":\"https:\\\/\\\/www.4h.se\\\/almvik\\\/4h-dagen-2025-en-aterblick\\\/#breadcrumb\"},\"inLanguage\":\"sv-SE\",\"potentialAction\":[{\"@type\":\"ReadAction\",\"target\":[\"https:\\\/\\\/www.4h.se\\\/almvik\\\/4h-dagen-2025-en-aterblick\\\/\"]}]},{\"@type\":\"BreadcrumbList\",\"@id\":\"https:\\\/\\\/www.4h.se\\\/almvik\\\/4h-dagen-2025-en-aterblick\\\/#breadcrumb\",\"itemListElement\":[{\"@type\":\"ListItem\",\"position\":1,\"name\":\"Hem\",\"item\":\"https:\\\/\\\/www.4h.se\\\/almvik\\\/\"},{\"@type\":\"ListItem\",\"position\":2,\"name\":\"4H-Dagen 2025 en \u00e5terblick\"}]},{\"@type\":\"WebSite\",\"@id\":\"https:\\\/\\\/www.4h.se\\\/almvik\\\/#website\",\"url\":\"https:\\\/\\\/www.4h.se\\\/almvik\\\/\",\"name\":\"Almviks 4H-g\u00e5rd\",\"description\":\"\",\"potentialAction\":[{\"@type\":\"SearchAction\",\"target\":{\"@type\":\"EntryPoint\",\"urlTemplate\":\"https:\\\/\\\/www.4h.se\\\/almvik\\\/?s={search_term_string}\"},\"query-input\":{\"@type\":\"PropertyValueSpecification\",\"valueRequired\":true,\"valueName\":\"search_term_string\"}}],\"inLanguage\":\"sv-SE\"},{\"@type\":\"Person\",\"@id\":\"https:\\\/\\\/www.4h.se\\\/almvik\\\/#\\\/schema\\\/person\\\/b8c89dbfa641edaab5e71c52e4df4741\",\"name\":\"Michael Lindstr\u00f6m\",\"image\":{\"@type\":\"ImageObject\",\"inLanguage\":\"sv-SE\",\"@id\":\"https:\\\/\\\/secure.gravatar.com\\\/avatar\\\/339a35620806ccccc6b4e94f7d1507df0c988373dc6cec964048c2d989e6f6e7?s=96&d=mm&r=g\",\"url\":\"https:\\\/\\\/secure.gravatar.com\\\/avatar\\\/339a35620806ccccc6b4e94f7d1507df0c988373dc6cec964048c2d989e6f6e7?s=96&d=mm&r=g\",\"contentUrl\":\"https:\\\/\\\/secure.gravatar.com\\\/avatar\\\/339a35620806ccccc6b4e94f7d1507df0c988373dc6cec964048c2d989e6f6e7?s=96&d=mm&r=g\",\"caption\":\"Michael Lindstr\u00f6m\"},\"sameAs\":[\"http:\\\/\\\/www.jpsmedia.se\",\"https:\\\/\\\/www.facebook.com\\\/mikeyswede\",\"https:\\\/\\\/x.com\\\/MikeySwede\"],\"url\":\"https:\\\/\\\/www.4h.se\\\/almvik\\\/author\\\/michael-lindstrom\\\/\"}]}<\/script>\n<!-- \/ Yoast SEO plugin. -->","yoast_head_json":{"title":"4H-Dagen 2025 en \u00e5terblick - Almviks 4H-g\u00e5rd","robots":{"index":"index","follow":"follow","max-snippet":"max-snippet:-1","max-image-preview":"max-image-preview:large","max-video-preview":"max-video-preview:-1"},"canonical":"https:\/\/www.4h.se\/almvik\/4h-dagen-2025-en-aterblick\/","og_locale":"sv_SE","og_type":"article","og_title":"4H-Dagen 2025 en \u00e5terblick - Almviks 4H-g\u00e5rd","og_description":"[vc_row][vc_column][vc_column_text]Nedan bjuder vi p\u00e5 en \u00e5terblick fr\u00e5n 4H-dagen p\u00e5 Almviks 4H-g\u00e5rd den 20 september 2025. Vi vill ocks\u00e5 passa p\u00e5 att tacka alla bes\u00f6kare och volont\u00e4rer som fick \u00e5rets 4H-dag att bli v\u00e4ldigt speciell. Klicka p\u00e5 valfri bild nedan f\u00f6r att starta bildspelet\u2026[\/vc_column_text][\/vc_column][\/vc_row][vc_row][vc_column][vc_gallery type=&#8221;image_grid&#8221; images=&#8221;2477,2484,2483,2482,2481,2480,2479,2478,2476,2475,2474,2473,2472,2471,2470,2469,2468,2467,2466,2465,2464&#8243; css=&#8221;&#8221; title=&#8221;Bilder&#8221;][\/vc_column][\/vc_row]","og_url":"https:\/\/www.4h.se\/almvik\/4h-dagen-2025-en-aterblick\/","og_site_name":"Almviks 4H-g\u00e5rd","article_publisher":"https:\/\/www.facebook.com\/Almviks4Hgard\/","article_author":"https:\/\/www.facebook.com\/mikeyswede","article_published_time":"2025-09-22T06:00:41+00:00","article_modified_time":"2026-04-21T19:41:16+00:00","author":"Michael Lindstr\u00f6m","twitter_card":"summary_large_image","twitter_creator":"@MikeySwede","twitter_misc":{"Skriven av":"Michael Lindstr\u00f6m","Ber\u00e4knad l\u00e4stid":"1 minut"},"schema":{"@context":"https:\/\/schema.org","@graph":[{"@type":"Article","@id":"https:\/\/www.4h.se\/almvik\/4h-dagen-2025-en-aterblick\/#article","isPartOf":{"@id":"https:\/\/www.4h.se\/almvik\/4h-dagen-2025-en-aterblick\/"},"author":{"name":"Michael Lindstr\u00f6m","@id":"https:\/\/www.4h.se\/almvik\/#\/schema\/person\/b8c89dbfa641edaab5e71c52e4df4741"},"headline":"4H-Dagen 2025 en \u00e5terblick","datePublished":"2025-09-22T06:00:41+00:00","dateModified":"2026-04-21T19:41:16+00:00","mainEntityOfPage":{"@id":"https:\/\/www.4h.se\/almvik\/4h-dagen-2025-en-aterblick\/"},"wordCount":81,"commentCount":0,"inLanguage":"sv-SE","potentialAction":[{"@type":"CommentAction","name":"Comment","target":["https:\/\/www.4h.se\/almvik\/4h-dagen-2025-en-aterblick\/#respond"]}]},{"@type":"WebPage","@id":"https:\/\/www.4h.se\/almvik\/4h-dagen-2025-en-aterblick\/","url":"https:\/\/www.4h.se\/almvik\/4h-dagen-2025-en-aterblick\/","name":"4H-Dagen 2025 en \u00e5terblick - Almviks 4H-g\u00e5rd","isPartOf":{"@id":"https:\/\/www.4h.se\/almvik\/#website"},"datePublished":"2025-09-22T06:00:41+00:00","dateModified":"2026-04-21T19:41:16+00:00","author":{"@id":"https:\/\/www.4h.se\/almvik\/#\/schema\/person\/b8c89dbfa641edaab5e71c52e4df4741"},"breadcrumb":{"@id":"https:\/\/www.4h.se\/almvik\/4h-dagen-2025-en-aterblick\/#breadcrumb"},"inLanguage":"sv-SE","potentialAction":[{"@type":"ReadAction","target":["https:\/\/www.4h.se\/almvik\/4h-dagen-2025-en-aterblick\/"]}]},{"@type":"BreadcrumbList","@id":"https:\/\/www.4h.se\/almvik\/4h-dagen-2025-en-aterblick\/#breadcrumb","itemListElement":[{"@type":"ListItem","position":1,"name":"Hem","item":"https:\/\/www.4h.se\/almvik\/"},{"@type":"ListItem","position":2,"name":"4H-Dagen 2025 en \u00e5terblick"}]},{"@type":"WebSite","@id":"https:\/\/www.4h.se\/almvik\/#website","url":"https:\/\/www.4h.se\/almvik\/","name":"Almviks 4H-g\u00e5rd","description":"","potentialAction":[{"@type":"SearchAction","target":{"@type":"EntryPoint","urlTemplate":"https:\/\/www.4h.se\/almvik\/?s={search_term_string}"},"query-input":{"@type":"PropertyValueSpecification","valueRequired":true,"valueName":"search_term_string"}}],"inLanguage":"sv-SE"},{"@type":"Person","@id":"https:\/\/www.4h.se\/almvik\/#\/schema\/person\/b8c89dbfa641edaab5e71c52e4df4741","name":"Michael Lindstr\u00f6m","image":{"@type":"ImageObject","inLanguage":"sv-SE","@id":"https:\/\/secure.gravatar.com\/avatar\/339a35620806ccccc6b4e94f7d1507df0c988373dc6cec964048c2d989e6f6e7?s=96&d=mm&r=g","url":"https:\/\/secure.gravatar.com\/avatar\/339a35620806ccccc6b4e94f7d1507df0c988373dc6cec964048c2d989e6f6e7?s=96&d=mm&r=g","contentUrl":"https:\/\/secure.gravatar.com\/avatar\/339a35620806ccccc6b4e94f7d1507df0c988373dc6cec964048c2d989e6f6e7?s=96&d=mm&r=g","caption":"Michael Lindstr\u00f6m"},"sameAs":["http:\/\/www.jpsmedia.se","https:\/\/www.facebook.com\/mikeyswede","https:\/\/x.com\/MikeySwede"],"url":"https:\/\/www.4h.se\/almvik\/author\/michael-lindstrom\/"}]}},"_links":{"self":[{"href":"https:\/\/www.4h.se\/almvik\/wp-json\/wp\/v2\/posts\/2487","targetHints":{"allow":["GET"]}}],"collection":[{"href":"https:\/\/www.4h.se\/almvik\/wp-json\/wp\/v2\/posts"}],"about":[{"href":"https:\/\/www.4h.se\/almvik\/wp-json\/wp\/v2\/types\/post"}],"author":[{"embeddable":true,"href":"https:\/\/www.4h.se\/almvik\/wp-json\/wp\/v2\/users\/61"}],"replies":[{"embeddable":true,"href":"https:\/\/www.4h.se\/almvik\/wp-json\/wp\/v2\/comments?post=2487"}],"version-history":[{"count":2,"href":"https:\/\/www.4h.se\/almvik\/wp-json\/wp\/v2\/posts\/2487\/revisions"}],"predecessor-version":[{"id":2489,"href":"https:\/\/www.4h.se\/almvik\/wp-json\/wp\/v2\/posts\/2487\/revisions\/2489"}],"wp:attachment":[{"href":"https:\/\/www.4h.se\/almvik\/wp-json\/wp\/v2\/media?parent=2487"}],"wp:term":[{"taxonomy":"category","embeddable":true,"href":"https:\/\/www.4h.se\/almvik\/wp-json\/wp\/v2\/categories?post=2487"},{"taxonomy":"post_tag","embeddable":true,"href":"https:\/\/www.4h.se\/almvik\/wp-json\/wp\/v2\/tags?post=2487"}],"curies":[{"name":"wp","href":"https:\/\/api.w.org\/{rel}","templated":true}]}}